{"id":334,"date":"2022-03-04T16:52:33","date_gmt":"2022-03-04T15:52:33","guid":{"rendered":"http:\/\/ams-spolka.pl\/?p=334"},"modified":"2022-04-06T14:12:38","modified_gmt":"2022-04-06T12:12:38","slug":"rozbudowa-komor-klimatycznych","status":"publish","type":"post","link":"https:\/\/ams-spolka.pl\/en\/rozbudowa-komor-klimatycznych\/","title":{"rendered":"Expansion of climate chambers"},"content":{"rendered":"<figure class=\"wp-block-gallery has-nested-images columns-default is-cropped wp-block-gallery-1 is-layout-flex wp-block-gallery-is-layout-flex\">\n<figure class=\"wp-block-image size-large\"><img loading=\"lazy\" decoding=\"async\" width=\"1250\" height=\"938\" data-id=\"338\" src=\"http:\/\/ams-spolka.pl\/wp-content\/uploads\/2022\/03\/IMG_2009-1250x938.jpg\" alt=\"\" class=\"wp-image-338\" srcset=\"https:\/\/ams-spolka.pl\/wp-content\/uploads\/2022\/03\/IMG_2009-1250x938.jpg 1250w, https:\/\/ams-spolka.pl\/wp-content\/uploads\/2022\/03\/IMG_2009-300x225.jpg 300w, https:\/\/ams-spolka.pl\/wp-content\/uploads\/2022\/03\/IMG_2009-768x576.jpg 768w, https:\/\/ams-spolka.pl\/wp-content\/uploads\/2022\/03\/IMG_2009-1536x1152.jpg 1536w, https:\/\/ams-spolka.pl\/wp-content\/uploads\/2022\/03\/IMG_2009-2048x1536.jpg 2048w, https:\/\/ams-spolka.pl\/wp-content\/uploads\/2022\/03\/IMG_2009-scaled.jpg 1920w\" sizes=\"auto, (max-width: 1250px) 100vw, 1250px\" \/><\/figure>\n\n\n\n<figure class=\"wp-block-image size-large\"><img loading=\"lazy\" decoding=\"async\" width=\"1250\" height=\"938\" data-id=\"337\" src=\"http:\/\/ams-spolka.pl\/wp-content\/uploads\/2022\/03\/IMG_2010-1250x938.jpg\" alt=\"\" class=\"wp-image-337\" srcset=\"https:\/\/ams-spolka.pl\/wp-content\/uploads\/2022\/03\/IMG_2010-1250x938.jpg 1250w, https:\/\/ams-spolka.pl\/wp-content\/uploads\/2022\/03\/IMG_2010-300x225.jpg 300w, https:\/\/ams-spolka.pl\/wp-content\/uploads\/2022\/03\/IMG_2010-768x576.jpg 768w, https:\/\/ams-spolka.pl\/wp-content\/uploads\/2022\/03\/IMG_2010-1536x1152.jpg 1536w, https:\/\/ams-spolka.pl\/wp-content\/uploads\/2022\/03\/IMG_2010-2048x1536.jpg 2048w, https:\/\/ams-spolka.pl\/wp-content\/uploads\/2022\/03\/IMG_2010-scaled.jpg 1920w\" sizes=\"auto, (max-width: 1250px) 100vw, 1250px\" \/><\/figure>\n\n\n\n<figure class=\"wp-block-image size-large\"><img loading=\"lazy\" decoding=\"async\" width=\"1250\" height=\"938\" data-id=\"340\" src=\"http:\/\/ams-spolka.pl\/wp-content\/uploads\/2022\/03\/IMG_2011-1250x938.jpg\" alt=\"\" class=\"wp-image-340\" srcset=\"https:\/\/ams-spolka.pl\/wp-content\/uploads\/2022\/03\/IMG_2011-1250x938.jpg 1250w, https:\/\/ams-spolka.pl\/wp-content\/uploads\/2022\/03\/IMG_2011-300x225.jpg 300w, https:\/\/ams-spolka.pl\/wp-content\/uploads\/2022\/03\/IMG_2011-768x576.jpg 768w, https:\/\/ams-spolka.pl\/wp-content\/uploads\/2022\/03\/IMG_2011-1536x1152.jpg 1536w, https:\/\/ams-spolka.pl\/wp-content\/uploads\/2022\/03\/IMG_2011-2048x1536.jpg 2048w, https:\/\/ams-spolka.pl\/wp-content\/uploads\/2022\/03\/IMG_2011-scaled.jpg 1920w\" sizes=\"auto, (max-width: 1250px) 100vw, 1250px\" \/><\/figure>\n\n\n\n<figure class=\"wp-block-image size-large\"><img loading=\"lazy\" decoding=\"async\" width=\"1250\" height=\"938\" data-id=\"341\" src=\"http:\/\/ams-spolka.pl\/wp-content\/uploads\/2022\/03\/IMG_2018-1250x938.jpg\" alt=\"\" class=\"wp-image-341\" srcset=\"https:\/\/ams-spolka.pl\/wp-content\/uploads\/2022\/03\/IMG_2018-1250x938.jpg 1250w, https:\/\/ams-spolka.pl\/wp-content\/uploads\/2022\/03\/IMG_2018-300x225.jpg 300w, https:\/\/ams-spolka.pl\/wp-content\/uploads\/2022\/03\/IMG_2018-768x576.jpg 768w, https:\/\/ams-spolka.pl\/wp-content\/uploads\/2022\/03\/IMG_2018-1536x1152.jpg 1536w, https:\/\/ams-spolka.pl\/wp-content\/uploads\/2022\/03\/IMG_2018-2048x1536.jpg 2048w, https:\/\/ams-spolka.pl\/wp-content\/uploads\/2022\/03\/IMG_2018-scaled.jpg 1920w\" sizes=\"auto, (max-width: 1250px) 100vw, 1250px\" \/><\/figure>\n\n\n\n<figure class=\"wp-block-image size-large\"><img loading=\"lazy\" decoding=\"async\" width=\"1250\" height=\"938\" data-id=\"342\" src=\"http:\/\/ams-spolka.pl\/wp-content\/uploads\/2022\/03\/IMG_2021-1250x938.jpg\" alt=\"\" class=\"wp-image-342\" srcset=\"https:\/\/ams-spolka.pl\/wp-content\/uploads\/2022\/03\/IMG_2021-1250x938.jpg 1250w, https:\/\/ams-spolka.pl\/wp-content\/uploads\/2022\/03\/IMG_2021-300x225.jpg 300w, https:\/\/ams-spolka.pl\/wp-content\/uploads\/2022\/03\/IMG_2021-768x576.jpg 768w, https:\/\/ams-spolka.pl\/wp-content\/uploads\/2022\/03\/IMG_2021-1536x1152.jpg 1536w, https:\/\/ams-spolka.pl\/wp-content\/uploads\/2022\/03\/IMG_2021-2048x1536.jpg 2048w, https:\/\/ams-spolka.pl\/wp-content\/uploads\/2022\/03\/IMG_2021-scaled.jpg 1920w\" sizes=\"auto, (max-width: 1250px) 100vw, 1250px\" \/><\/figure>\n\n\n\n<figure class=\"wp-block-image size-large\"><img loading=\"lazy\" decoding=\"async\" width=\"1250\" height=\"938\" data-id=\"339\" src=\"http:\/\/ams-spolka.pl\/wp-content\/uploads\/2022\/03\/IMG_2024-1250x938.jpg\" alt=\"\" class=\"wp-image-339\" srcset=\"https:\/\/ams-spolka.pl\/wp-content\/uploads\/2022\/03\/IMG_2024-1250x938.jpg 1250w, https:\/\/ams-spolka.pl\/wp-content\/uploads\/2022\/03\/IMG_2024-300x225.jpg 300w, https:\/\/ams-spolka.pl\/wp-content\/uploads\/2022\/03\/IMG_2024-768x576.jpg 768w, https:\/\/ams-spolka.pl\/wp-content\/uploads\/2022\/03\/IMG_2024-1536x1152.jpg 1536w, https:\/\/ams-spolka.pl\/wp-content\/uploads\/2022\/03\/IMG_2024-2048x1536.jpg 2048w, https:\/\/ams-spolka.pl\/wp-content\/uploads\/2022\/03\/IMG_2024-scaled.jpg 1920w\" sizes=\"auto, (max-width: 1250px) 100vw, 1250px\" \/><\/figure>\n\n\n\n<figure class=\"wp-block-image size-large\"><img loading=\"lazy\" decoding=\"async\" width=\"1250\" height=\"938\" data-id=\"343\" src=\"http:\/\/ams-spolka.pl\/wp-content\/uploads\/2022\/03\/IMG_2026-1250x938.jpg\" alt=\"\" class=\"wp-image-343\" srcset=\"https:\/\/ams-spolka.pl\/wp-content\/uploads\/2022\/03\/IMG_2026-1250x938.jpg 1250w, https:\/\/ams-spolka.pl\/wp-content\/uploads\/2022\/03\/IMG_2026-300x225.jpg 300w, https:\/\/ams-spolka.pl\/wp-content\/uploads\/2022\/03\/IMG_2026-768x576.jpg 768w, https:\/\/ams-spolka.pl\/wp-content\/uploads\/2022\/03\/IMG_2026-1536x1152.jpg 1536w, https:\/\/ams-spolka.pl\/wp-content\/uploads\/2022\/03\/IMG_2026-2048x1536.jpg 2048w, https:\/\/ams-spolka.pl\/wp-content\/uploads\/2022\/03\/IMG_2026-scaled.jpg 1920w\" sizes=\"auto, (max-width: 1250px) 100vw, 1250px\" \/><\/figure>\n<\/figure>","protected":false},"excerpt":{"rendered":"<p>Expansion of climate chambers<\/p>","protected":false},"author":1,"featured_media":344,"comment_status":"closed","ping_status":"open","sticky":false,"template":"","format":"standard","meta":{"footnotes":""},"categories":[1,5],"tags":[],"class_list":["post-334","post","type-post","status-publish","format-standard","has-post-thumbnail","hentry","category-bez-kategorii","category-robotyka"],"yoast_head":"<!-- This site is optimized with the Yoast SEO plugin v25.5 - https:\/\/yoast.com\/wordpress\/plugins\/seo\/ -->\n<title>Rozbudowa kom\u00f3r klimatycznych - AMS Sp\u00f3\u0142ka<\/title>\n<meta name=\"description\" content=\"Zwi\u0119kszamy wydajno\u015b\u0107 pracy urz\u0105dze\u0144, wyd\u0142u\u017camy \u017cywotno\u015b\u0107 maszyn, dostosowujemy maszyny do nowych produkt\u00f3w.\" \/>\n<meta name=\"robots\" content=\"index, follow, max-snippet:-1, max-image-preview:large, max-video-preview:-1\" \/>\n<link rel=\"canonical\" href=\"https:\/\/ams-spolka.pl\/en\/rozbudowa-komor-klimatycznych\/\" \/>\n<meta property=\"og:locale\" content=\"en_US\" \/>\n<meta property=\"og:type\" content=\"article\" \/>\n<meta property=\"og:title\" content=\"Rozbudowa kom\u00f3r klimatycznych - AMS Sp\u00f3\u0142ka\" \/>\n<meta property=\"og:description\" content=\"Zwi\u0119kszamy wydajno\u015b\u0107 pracy urz\u0105dze\u0144, wyd\u0142u\u017camy \u017cywotno\u015b\u0107 maszyn, dostosowujemy maszyny do nowych produkt\u00f3w.\" \/>\n<meta property=\"og:url\" content=\"https:\/\/ams-spolka.pl\/en\/rozbudowa-komor-klimatycznych\/\" \/>\n<meta property=\"og:site_name\" content=\"AMS Sp\u00f3\u0142ka\" \/>\n<meta property=\"article:publisher\" content=\"https:\/\/www.facebook.com\/AMSpoznan\" \/>\n<meta property=\"article:published_time\" content=\"2022-03-04T15:52:33+00:00\" \/>\n<meta property=\"article:modified_time\" content=\"2022-04-06T12:12:38+00:00\" \/>\n<meta property=\"og:image\" content=\"https:\/\/ams-spolka.pl\/wp-content\/uploads\/2022\/03\/Rozbudowa-komor-klimatycznych.jpg\" \/>\n\t<meta property=\"og:image:width\" content=\"745\" \/>\n\t<meta property=\"og:image:height\" content=\"1000\" \/>\n\t<meta property=\"og:image:type\" content=\"image\/jpeg\" \/>\n<meta name=\"author\" content=\"admin\" \/>\n<meta name=\"twitter:card\" content=\"summary_large_image\" \/>\n<meta name=\"twitter:label1\" content=\"Written by\" \/>\n\t<meta name=\"twitter:data1\" content=\"admin\" \/>\n\t<meta name=\"twitter:label2\" content=\"Est. reading time\" \/>\n\t<meta name=\"twitter:data2\" content=\"2 minutes\" \/>\n<script type=\"application\/ld+json\" class=\"yoast-schema-graph\">{\"@context\":\"https:\/\/schema.org\",\"@graph\":[{\"@type\":\"Article\",\"@id\":\"https:\/\/ams-spolka.pl\/rozbudowa-komor-klimatycznych\/#article\",\"isPartOf\":{\"@id\":\"https:\/\/ams-spolka.pl\/rozbudowa-komor-klimatycznych\/\"},\"author\":{\"name\":\"admin\",\"@id\":\"https:\/\/ams-spolka.pl\/#\/schema\/person\/826e78e41cf93abaa6560d76981e3777\"},\"headline\":\"Rozbudowa kom\u00f3r klimatycznych\",\"datePublished\":\"2022-03-04T15:52:33+00:00\",\"dateModified\":\"2022-04-06T12:12:38+00:00\",\"mainEntityOfPage\":{\"@id\":\"https:\/\/ams-spolka.pl\/rozbudowa-komor-klimatycznych\/\"},\"wordCount\":4,\"publisher\":{\"@id\":\"https:\/\/ams-spolka.pl\/#organization\"},\"image\":{\"@id\":\"https:\/\/ams-spolka.pl\/rozbudowa-komor-klimatycznych\/#primaryimage\"},\"thumbnailUrl\":\"https:\/\/ams-spolka.pl\/wp-content\/uploads\/2022\/03\/Rozbudowa-komor-klimatycznych.jpg\",\"articleSection\":[\"Bez kategorii\",\"ROBOTYKA\"],\"inLanguage\":\"en-US\"},{\"@type\":\"WebPage\",\"@id\":\"https:\/\/ams-spolka.pl\/rozbudowa-komor-klimatycznych\/\",\"url\":\"https:\/\/ams-spolka.pl\/rozbudowa-komor-klimatycznych\/\",\"name\":\"Rozbudowa kom\u00f3r klimatycznych - AMS Sp\u00f3\u0142ka\",\"isPartOf\":{\"@id\":\"https:\/\/ams-spolka.pl\/#website\"},\"primaryImageOfPage\":{\"@id\":\"https:\/\/ams-spolka.pl\/rozbudowa-komor-klimatycznych\/#primaryimage\"},\"image\":{\"@id\":\"https:\/\/ams-spolka.pl\/rozbudowa-komor-klimatycznych\/#primaryimage\"},\"thumbnailUrl\":\"https:\/\/ams-spolka.pl\/wp-content\/uploads\/2022\/03\/Rozbudowa-komor-klimatycznych.jpg\",\"datePublished\":\"2022-03-04T15:52:33+00:00\",\"dateModified\":\"2022-04-06T12:12:38+00:00\",\"description\":\"Zwi\u0119kszamy wydajno\u015b\u0107 pracy urz\u0105dze\u0144, wyd\u0142u\u017camy \u017cywotno\u015b\u0107 maszyn, dostosowujemy maszyny do nowych produkt\u00f3w.\",\"breadcrumb\":{\"@id\":\"https:\/\/ams-spolka.pl\/rozbudowa-komor-klimatycznych\/#breadcrumb\"},\"inLanguage\":\"en-US\",\"potentialAction\":[{\"@type\":\"ReadAction\",\"target\":[\"https:\/\/ams-spolka.pl\/rozbudowa-komor-klimatycznych\/\"]}]},{\"@type\":\"ImageObject\",\"inLanguage\":\"en-US\",\"@id\":\"https:\/\/ams-spolka.pl\/rozbudowa-komor-klimatycznych\/#primaryimage\",\"url\":\"https:\/\/ams-spolka.pl\/wp-content\/uploads\/2022\/03\/Rozbudowa-komor-klimatycznych.jpg\",\"contentUrl\":\"https:\/\/ams-spolka.pl\/wp-content\/uploads\/2022\/03\/Rozbudowa-komor-klimatycznych.jpg\",\"width\":745,\"height\":1000,\"caption\":\"Rozbudowa kom\u00f3r klimatycznych\"},{\"@type\":\"BreadcrumbList\",\"@id\":\"https:\/\/ams-spolka.pl\/rozbudowa-komor-klimatycznych\/#breadcrumb\",\"itemListElement\":[{\"@type\":\"ListItem\",\"position\":1,\"name\":\"Strona g\u0142\u00f3wna\",\"item\":\"https:\/\/ams-spolka.pl\/\"},{\"@type\":\"ListItem\",\"position\":2,\"name\":\"Rozbudowa kom\u00f3r klimatycznych\"}]},{\"@type\":\"WebSite\",\"@id\":\"https:\/\/ams-spolka.pl\/#website\",\"url\":\"https:\/\/ams-spolka.pl\/\",\"name\":\"AMS Sp\u00f3\u0142ka\",\"description\":\"Automatyka \u2022 Modernizacje \u2022 Serwis\",\"publisher\":{\"@id\":\"https:\/\/ams-spolka.pl\/#organization\"},\"potentialAction\":[{\"@type\":\"SearchAction\",\"target\":{\"@type\":\"EntryPoint\",\"urlTemplate\":\"https:\/\/ams-spolka.pl\/?s={search_term_string}\"},\"query-input\":{\"@type\":\"PropertyValueSpecification\",\"valueRequired\":true,\"valueName\":\"search_term_string\"}}],\"inLanguage\":\"en-US\"},{\"@type\":\"Organization\",\"@id\":\"https:\/\/ams-spolka.pl\/#organization\",\"name\":\"AMS Sp\u00f3\u0142ka\",\"url\":\"https:\/\/ams-spolka.pl\/\",\"logo\":{\"@type\":\"ImageObject\",\"inLanguage\":\"en-US\",\"@id\":\"https:\/\/ams-spolka.pl\/#\/schema\/logo\/image\/\",\"url\":\"http:\/\/ams-spolka.pl\/wp-content\/uploads\/2022\/02\/AMS_logo-www-01.jpg\",\"contentUrl\":\"http:\/\/ams-spolka.pl\/wp-content\/uploads\/2022\/02\/AMS_logo-www-01.jpg\",\"width\":497,\"height\":220,\"caption\":\"AMS Sp\u00f3\u0142ka\"},\"image\":{\"@id\":\"https:\/\/ams-spolka.pl\/#\/schema\/logo\/image\/\"},\"sameAs\":[\"https:\/\/www.facebook.com\/AMSpoznan\"]},{\"@type\":\"Person\",\"@id\":\"https:\/\/ams-spolka.pl\/#\/schema\/person\/826e78e41cf93abaa6560d76981e3777\",\"name\":\"admin\",\"sameAs\":[\"http:\/\/ams-spolka.pl\"],\"url\":\"https:\/\/ams-spolka.pl\/en\/author\/admin\/\"}]}<\/script>\n<!-- \/ Yoast SEO plugin. -->","yoast_head_json":{"title":"Rozbudowa kom\u00f3r klimatycznych - AMS Sp\u00f3\u0142ka","description":"Zwi\u0119kszamy wydajno\u015b\u0107 pracy urz\u0105dze\u0144, wyd\u0142u\u017camy \u017cywotno\u015b\u0107 maszyn, dostosowujemy maszyny do nowych produkt\u00f3w.","robots":{"index":"index","follow":"follow","max-snippet":"max-snippet:-1","max-image-preview":"max-image-preview:large","max-video-preview":"max-video-preview:-1"},"canonical":"https:\/\/ams-spolka.pl\/en\/rozbudowa-komor-klimatycznych\/","og_locale":"en_US","og_type":"article","og_title":"Rozbudowa kom\u00f3r klimatycznych - AMS Sp\u00f3\u0142ka","og_description":"Zwi\u0119kszamy wydajno\u015b\u0107 pracy urz\u0105dze\u0144, wyd\u0142u\u017camy \u017cywotno\u015b\u0107 maszyn, dostosowujemy maszyny do nowych produkt\u00f3w.","og_url":"https:\/\/ams-spolka.pl\/en\/rozbudowa-komor-klimatycznych\/","og_site_name":"AMS Sp\u00f3\u0142ka","article_publisher":"https:\/\/www.facebook.com\/AMSpoznan","article_published_time":"2022-03-04T15:52:33+00:00","article_modified_time":"2022-04-06T12:12:38+00:00","og_image":[{"width":745,"height":1000,"url":"https:\/\/ams-spolka.pl\/wp-content\/uploads\/2022\/03\/Rozbudowa-komor-klimatycznych.jpg","type":"image\/jpeg"}],"author":"admin","twitter_card":"summary_large_image","twitter_misc":{"Written by":"admin","Est. reading time":"2 minutes"},"schema":{"@context":"https:\/\/schema.org","@graph":[{"@type":"Article","@id":"https:\/\/ams-spolka.pl\/rozbudowa-komor-klimatycznych\/#article","isPartOf":{"@id":"https:\/\/ams-spolka.pl\/rozbudowa-komor-klimatycznych\/"},"author":{"name":"admin","@id":"https:\/\/ams-spolka.pl\/#\/schema\/person\/826e78e41cf93abaa6560d76981e3777"},"headline":"Rozbudowa kom\u00f3r klimatycznych","datePublished":"2022-03-04T15:52:33+00:00","dateModified":"2022-04-06T12:12:38+00:00","mainEntityOfPage":{"@id":"https:\/\/ams-spolka.pl\/rozbudowa-komor-klimatycznych\/"},"wordCount":4,"publisher":{"@id":"https:\/\/ams-spolka.pl\/#organization"},"image":{"@id":"https:\/\/ams-spolka.pl\/rozbudowa-komor-klimatycznych\/#primaryimage"},"thumbnailUrl":"https:\/\/ams-spolka.pl\/wp-content\/uploads\/2022\/03\/Rozbudowa-komor-klimatycznych.jpg","articleSection":["Bez kategorii","ROBOTYKA"],"inLanguage":"en-US"},{"@type":"WebPage","@id":"https:\/\/ams-spolka.pl\/rozbudowa-komor-klimatycznych\/","url":"https:\/\/ams-spolka.pl\/rozbudowa-komor-klimatycznych\/","name":"Rozbudowa kom\u00f3r klimatycznych - AMS Sp\u00f3\u0142ka","isPartOf":{"@id":"https:\/\/ams-spolka.pl\/#website"},"primaryImageOfPage":{"@id":"https:\/\/ams-spolka.pl\/rozbudowa-komor-klimatycznych\/#primaryimage"},"image":{"@id":"https:\/\/ams-spolka.pl\/rozbudowa-komor-klimatycznych\/#primaryimage"},"thumbnailUrl":"https:\/\/ams-spolka.pl\/wp-content\/uploads\/2022\/03\/Rozbudowa-komor-klimatycznych.jpg","datePublished":"2022-03-04T15:52:33+00:00","dateModified":"2022-04-06T12:12:38+00:00","description":"Zwi\u0119kszamy wydajno\u015b\u0107 pracy urz\u0105dze\u0144, wyd\u0142u\u017camy \u017cywotno\u015b\u0107 maszyn, dostosowujemy maszyny do nowych produkt\u00f3w.","breadcrumb":{"@id":"https:\/\/ams-spolka.pl\/rozbudowa-komor-klimatycznych\/#breadcrumb"},"inLanguage":"en-US","potentialAction":[{"@type":"ReadAction","target":["https:\/\/ams-spolka.pl\/rozbudowa-komor-klimatycznych\/"]}]},{"@type":"ImageObject","inLanguage":"en-US","@id":"https:\/\/ams-spolka.pl\/rozbudowa-komor-klimatycznych\/#primaryimage","url":"https:\/\/ams-spolka.pl\/wp-content\/uploads\/2022\/03\/Rozbudowa-komor-klimatycznych.jpg","contentUrl":"https:\/\/ams-spolka.pl\/wp-content\/uploads\/2022\/03\/Rozbudowa-komor-klimatycznych.jpg","width":745,"height":1000,"caption":"Rozbudowa kom\u00f3r klimatycznych"},{"@type":"BreadcrumbList","@id":"https:\/\/ams-spolka.pl\/rozbudowa-komor-klimatycznych\/#breadcrumb","itemListElement":[{"@type":"ListItem","position":1,"name":"Strona g\u0142\u00f3wna","item":"https:\/\/ams-spolka.pl\/"},{"@type":"ListItem","position":2,"name":"Rozbudowa kom\u00f3r klimatycznych"}]},{"@type":"WebSite","@id":"https:\/\/ams-spolka.pl\/#website","url":"https:\/\/ams-spolka.pl\/","name":"AMS Sp\u00f3\u0142ka","description":"Automatyka \u2022 Modernizacje \u2022 Serwis","publisher":{"@id":"https:\/\/ams-spolka.pl\/#organization"},"potentialAction":[{"@type":"SearchAction","target":{"@type":"EntryPoint","urlTemplate":"https:\/\/ams-spolka.pl\/?s={search_term_string}"},"query-input":{"@type":"PropertyValueSpecification","valueRequired":true,"valueName":"search_term_string"}}],"inLanguage":"en-US"},{"@type":"Organization","@id":"https:\/\/ams-spolka.pl\/#organization","name":"AMS Sp\u00f3\u0142ka","url":"https:\/\/ams-spolka.pl\/","logo":{"@type":"ImageObject","inLanguage":"en-US","@id":"https:\/\/ams-spolka.pl\/#\/schema\/logo\/image\/","url":"http:\/\/ams-spolka.pl\/wp-content\/uploads\/2022\/02\/AMS_logo-www-01.jpg","contentUrl":"http:\/\/ams-spolka.pl\/wp-content\/uploads\/2022\/02\/AMS_logo-www-01.jpg","width":497,"height":220,"caption":"AMS Sp\u00f3\u0142ka"},"image":{"@id":"https:\/\/ams-spolka.pl\/#\/schema\/logo\/image\/"},"sameAs":["https:\/\/www.facebook.com\/AMSpoznan"]},{"@type":"Person","@id":"https:\/\/ams-spolka.pl\/#\/schema\/person\/826e78e41cf93abaa6560d76981e3777","name":"admin","sameAs":["http:\/\/ams-spolka.pl"],"url":"https:\/\/ams-spolka.pl\/en\/author\/admin\/"}]}},"_links":{"self":[{"href":"https:\/\/ams-spolka.pl\/en\/wp-json\/wp\/v2\/posts\/334","targetHints":{"allow":["GET"]}}],"collection":[{"href":"https:\/\/ams-spolka.pl\/en\/wp-json\/wp\/v2\/posts"}],"about":[{"href":"https:\/\/ams-spolka.pl\/en\/wp-json\/wp\/v2\/types\/post"}],"author":[{"embeddable":true,"href":"https:\/\/ams-spolka.pl\/en\/wp-json\/wp\/v2\/users\/1"}],"replies":[{"embeddable":true,"href":"https:\/\/ams-spolka.pl\/en\/wp-json\/wp\/v2\/comments?post=334"}],"version-history":[{"count":0,"href":"https:\/\/ams-spolka.pl\/en\/wp-json\/wp\/v2\/posts\/334\/revisions"}],"wp:featuredmedia":[{"embeddable":true,"href":"https:\/\/ams-spolka.pl\/en\/wp-json\/wp\/v2\/media\/344"}],"wp:attachment":[{"href":"https:\/\/ams-spolka.pl\/en\/wp-json\/wp\/v2\/media?parent=334"}],"wp:term":[{"taxonomy":"category","embeddable":true,"href":"https:\/\/ams-spolka.pl\/en\/wp-json\/wp\/v2\/categories?post=334"},{"taxonomy":"post_tag","embeddable":true,"href":"https:\/\/ams-spolka.pl\/en\/wp-json\/wp\/v2\/tags?post=334"}],"curies":[{"name":"wp","href":"https:\/\/api.w.org\/{rel}","templated":true}]}}